{"id":7,"date":"2020-06-15T13:00:06","date_gmt":"2020-06-15T11:00:06","guid":{"rendered":"http:\/\/valentin-gratz.xyz\/blog\/?p=7"},"modified":"2026-04-11T22:05:32","modified_gmt":"2026-04-11T20:05:32","slug":"retour-du-blog","status":"publish","type":"post","link":"https:\/\/valentin-gratz.xyz\/blog\/2020\/06\/retour-du-blog\/","title":{"rendered":"Retour du blog"},"content":{"rendered":"\n<p>Bonjour \u00e0 tous,<\/p>\n\n\n\n<p>Comme vous avez pu le remarquer, pendant un moment, le blog avait disparu, ainsi que son contenu. Ceci \u00e9tait normal.<\/p>\n\n\n\n<p>Il y a quelques jours j&rsquo;avais chang\u00e9 d&rsquo;offre d&rsquo;h\u00e9bergement en passant de cpanel \u00e0 plesk (que je vous expliquerais dans un prochain article). H\u00e9las, je n&rsquo;avais fait seulement une sauvegarde g\u00e9n\u00e9ral, et je n&rsquo;avais pas pens\u00e9 \u00e0 faire une sauvegarde \u00e0 partir des options d&rsquo;exportation de WordPress. Donc, grosso-modo, quand j&rsquo;ai r\u00e9install\u00e9 les fichiers, je n&rsquo;ai retrouv\u00e9 seulement le th\u00e8me et les extensions. <\/p>\n\n\n\n<p>C&rsquo;est s\u00fbr, \u00e7a \u00e0 mis un coup au moral, de perdre comme cela, tout le contenu. Mais sur le coup, j&rsquo;en voulais un peu \u00e0 WordPress, je n&rsquo;avais pas trop le go\u00fbt d&rsquo;essayer de tout refaire. <\/p>\n\n\n\n<p>Mais, aujourd&rsquo;hui, j&rsquo;ai eu le d\u00e9clic de comme m\u00eame refaire le blog en partant de z\u00e9ro, comme une fa\u00e7on de le r\u00e9organiser, de tout revoir. <\/p>\n","protected":false},"excerpt":{"rendered":"<p>Bonjour \u00e0 tous, Comme vous avez pu le remarquer, pendant un moment, le blog avait disparu, ainsi que son contenu. Ceci \u00e9tait normal. Il y a quelques jours j&rsquo;avais chang\u00e9 d&rsquo;offre d&rsquo;h\u00e9bergement en passant de cpanel \u00e0 plesk (que je vous expliquerais dans un prochain article). H\u00e9las, je n&rsquo;avais fait seulement une sauvegarde g\u00e9n\u00e9ral, et je n&rsquo;avais pas pens\u00e9 \u00e0 faire une sauvegarde \u00e0 partir des options d&rsquo;exportation de WordPress. Donc, grosso-modo, quand j&rsquo;ai r\u00e9install\u00e9 les fichiers, je n&rsquo;ai retrouv\u00e9&#8230;<\/p>\n<p class=\"read-more\"><a class=\"btn btn-default\" href=\"https:\/\/valentin-gratz.xyz\/blog\/2020\/06\/retour-du-blog\/\">Lire la suite<span class=\"screen-reader-text\"> Lire la suite<\/span><\/a><\/p>\n","protected":false},"author":1,"featured_media":0,"comment_status":"open","ping_status":"closed","sticky":false,"template":"","format":"standard","meta":{"_et_pb_use_builder":"","_et_pb_old_content":"","_et_gb_content_width":"","footnotes":""},"categories":[1],"tags":[],"class_list":["post-7","post","type-post","status-publish","format-standard","hentry","category-non-classe"],"_links":{"self":[{"href":"https:\/\/valentin-gratz.xyz\/blog\/wp-json\/wp\/v2\/posts\/7","targetHints":{"allow":["GET"]}}],"collection":[{"href":"https:\/\/valentin-gratz.xyz\/blog\/wp-json\/wp\/v2\/posts"}],"about":[{"href":"https:\/\/valentin-gratz.xyz\/blog\/wp-json\/wp\/v2\/types\/post"}],"author":[{"embeddable":true,"href":"https:\/\/valentin-gratz.xyz\/blog\/wp-json\/wp\/v2\/users\/1"}],"replies":[{"embeddable":true,"href":"https:\/\/valentin-gratz.xyz\/blog\/wp-json\/wp\/v2\/comments?post=7"}],"version-history":[{"count":0,"href":"https:\/\/valentin-gratz.xyz\/blog\/wp-json\/wp\/v2\/posts\/7\/revisions"}],"wp:attachment":[{"href":"https:\/\/valentin-gratz.xyz\/blog\/wp-json\/wp\/v2\/media?parent=7"}],"wp:term":[{"taxonomy":"category","embeddable":true,"href":"https:\/\/valentin-gratz.xyz\/blog\/wp-json\/wp\/v2\/categories?post=7"},{"taxonomy":"post_tag","embeddable":true,"href":"https:\/\/valentin-gratz.xyz\/blog\/wp-json\/wp\/v2\/tags?post=7"}],"curies":[{"name":"wp","href":"https:\/\/api.w.org\/{rel}","templated":true}]}}